{"id":1636,"date":"2010-07-17T00:14:13","date_gmt":"2010-07-16T22:14:13","guid":{"rendered":"http:\/\/www.fkarta.cz\/?p=1636"},"modified":"2021-11-13T21:07:06","modified_gmt":"2021-11-13T20:07:06","slug":"aby-nam-nezdrazili-struny-rum-kokos-a-veprovy","status":"publish","type":"post","link":"https:\/\/www.fkarta.cz\/?p=1636","title":{"rendered":"Aby n\u00e1m nezdra\u017eili struny, rum, kokos a vep\u0159ov\u00fd&#8230;"},"content":{"rendered":"<p>&#8230;si p\u0159eje trampsk\u00e1 skupina <strong>Fale\u0161n\u00e1 karta<\/strong><\/p>\n<p><em>Vyzdobit si n\u00e1zev kapely p\u0159\u00edvlastkem \u201efale\u0161n\u00e1\u201c to u\u017e chce kus odvahy. Jen\u017ee jedn\u00e1-li se o kartu a nav\u00edc trampskou muziku, je v\u0161e jinak. Fale\u0161n\u00e1 karta se z nekorunovan\u00e9ho kr\u00e1le v\u0161ech sej\u0161n\u016f vypracovala na jednu z nejobl\u00edben\u011bj\u0161\u00edch kapel sv\u00e9ho \u017e\u00e1nru, ani\u017e by pokoncertn\u00ed hran\u00ed zanedb\u00e1vala. Hlasov\u011b se kapela \u010dasem usadila, a i kdy\u017e m\u00ed\u0159\u00ed n\u011bkterou p\u00edsn\u00ed k\u00a0folku, trampsk\u00fd kab\u00e1t nevym\u011b\u0148uje. Na Trampsk\u00e9 port\u011b v\u00a0\u00dast\u00ed roku 2003 vyhr\u00e1la Div\u00e1ckou Portu a roz\u0161\u00ed\u0159ila t\u00edm \u0159\u00e1dku v\u00edt\u011bzstv\u00ed (Ole\u0161nick\u00e1 kytka, Trampsk\u00e1 cig\u00e1ra, Trampsk\u00e1 nota, Tova\u010dovsk\u00fd port\u00e1l, FTP Skali\u010dka,&#8230;). \u201eFale\u0161\u0148\u00e1ci\u201c n\u011bkolikr\u00e1t pok\u0159tili svoje CD \u201eKamar\u00e1d\u016fm\u201c (mimochodem prod\u00e1van\u00e9 za 120 K\u010d v\u010detn\u011b zp\u011bvn\u00edku!), po\u0159\u00e1daj\u00ed \u010di spolupo\u0159\u00e1daj\u00ed \u0159\u00e1dku p\u0159\u00edjemn\u00fdch akc\u00ed, ale o tom v\u0161em rad\u011bji v\u00a0n\u00e1sleduj\u00edc\u00edm rozhovoru.<\/em><\/p>\n<p><strong>Minul\u00fd rok jste vydali va\u0161e prvn\u00ed CD \u201eKamar\u00e1d\u016fm\u2026\u201c. M\u016f\u017eete n\u00e1m ho p\u0159edstavit? Prob\u011bhly n\u011bjak\u00e9 ve\u0159ejn\u00e9 k\u0159ty?<\/strong><\/p>\n<p><strong>Milda: <\/strong>Desku jsme nat\u00e1\u010deli v listopadu 2002 v Trampstudiu v Bo\u017ei\u010danech u kamar\u00e1d\u016f Lubom\u00edra R\u00ed\u0161i Melichara a Jarom\u00edra M\u00edr\u00e1\u010de Ziky (z Loketsk\u00fdch Roh\u00e1\u010d\u016f). Vydali jsme ji vlastn\u00edm n\u00e1kladem a je na n\u00ed 14 p\u00edsni\u010dek. P\u0159edk\u0159est se konal v Padochov\u011b u kamar\u00e1d\u016f z dua Rosa Coeli a p\u0159edkmotrem byl Jarda Samson Lenk. Prvn\u00ed k\u0159est se konal v Praze v Trojick\u00e9 a zorganizoval ho pro n\u00e1s kamar\u00e1d Karel Cimbura Vidimsk\u00fd. Pra\u017esk\u00fdm kmotrem byla legenda trampsk\u00e9 p\u00edsni\u010dky Kapit\u00e1n Kid. Posledn\u00ed k\u0159est jsme si zorganizovali sami. Konal se v Nedv\u011bdici a vystoupili na n\u011bm tak\u00e9 kapely Letokruhy, Tempo di vlak, Hlubok\u00e9 nedorozum\u011bn\u00ed a Vojta &#8222;Ki\u010f\u00e1k&#8220; Tom\u00e1\u0161ko s R\u00ed\u0161ou Melicharem. K\u0159est provedly na\u0161e zlat\u00e9 holky z\u00a0fan klubu. Dal\u0161\u00ed CD, kter\u00e9 se pokou\u0161\u00edme \u0161\u00ed\u0159it mezi lidi, je live nahr\u00e1vka z na\u0161eho vystoupen\u00ed v r\u00e1diu Proglas.<\/p>\n<p><strong>Trampsk\u00e1 skupina Fale\u0161n\u00e1 karta m\u00e1 sv\u016fj fan klub?<\/strong><\/p>\n<p><strong>Milda: <\/strong>Cel\u00fd je to takov\u00e1 recese. Fan klub vznikl v roce 1999 a tvo\u0159\u00ed ho sam\u00fd \u017eensk\u00fd. Maj\u00ed svoje vlastn\u00ed stanovy, pr\u016fkazky, tri\u010dka s na\u0161ema fotkama, vlajku. Hlavn\u00ed tahounkou a velitelkou fan klubu je na\u0161e dlouholet\u00e1 kamar\u00e1dka Helenka. Ob\u010das si s nima d\u011bl\u00e1me r\u016fzn\u00e9 naschv\u00e1ly a \u0161k\u00e1dl\u00edme se. Holky n\u00e1m taky pom\u00e1haj\u00ed v po\u0159\u00e1d\u00e1n\u00ed n\u011bkter\u00fdch na\u0161ich akc\u00ed. Za v\u0161echno, co pro n\u00e1s d\u011blaj\u00ed, jim pat\u0159\u00ed n\u00e1\u0161 velk\u00fd d\u00edk.<\/p>\n<p><strong>Po\u0159\u00e1d\u00e1te tedy n\u011bjak\u00e9 sv\u00e9 tradi\u010dn\u00ed akce?<\/strong><\/p>\n<p><strong>Milda:<\/strong> Tou nejstar\u0161\u00ed akc\u00ed je n\u00e1\u0161 \u201e<strong>Mikul\u00e1\u0161sk\u00fd trampsk\u00fd b\u00e1l<\/strong>\u201c ve V\u00edru, kter\u00fd po\u0159\u00e1d\u00e1me spole\u010dn\u011b s na\u0161ema holkama z fan klubu ka\u017edoro\u010dn\u011b od roku 1995. Sna\u017e\u00edme se na ka\u017ed\u00fd b\u00e1l p\u0159ipravit n\u011bjakou pt\u00e1kovinu. Jednou jsme se nap\u0159. p\u0159evl\u00edkli za \u010d\u00e1ste\u010dn\u011b d\u00edv\u010d\u00ed metalovou kapelu \u201eVa\u0159en\u00ed chrousti\u201ca za doprovodu absolutn\u011b neposlouchateln\u00fdho deathmetalu jsme blbli na p\u00f3diu. Od roku 2000 jsme odpoledne p\u0159ed b\u00e1lem za\u010dali po\u0159\u00e1dat trampsk\u00fd festiv\u00e1lek \u201e<strong>V\u00edrsk\u00fd sumec<\/strong>\u201c, na kter\u00e9m se u\u017e vyst\u0159\u00eddalo mnoho zn\u00e1m\u00fdch kapel a muzikant\u016f nap\u0159. Tempo di vlak, P\u0159\u00edstav, L\u00edstek, Pupk\u00e1\u010di, Lucka Falt\u00fdnkov\u00e1, Magda Bro\u017ekov\u00e1 a mnoho dal\u0161\u00edch. Jeliko\u017e jsme trampsk\u00e1 osada, tak po\u0159\u00e1d\u00e1me samoz\u0159ejm\u011b ka\u017ed\u00fd rok <strong>v\u00fdro\u010dn\u00ed ohe\u0148 &#8211; potlach<\/strong>. A proto\u017ee jsme kapela, tak se sna\u017e\u00edme o to, aby se na n\u011bm co nejv\u00edc hr\u00e1lo. Hraje se s men\u0161\u00edmi p\u0159est\u00e1vkami od p\u00e1tku a\u017e do ned\u011ble.<\/p>\n<p><strong>Teprve u v\u00e1s jsem p\u0159i\u0161el na to, \u017ee i ly\u017ee, mo\u0159e \u010di voda mohou b\u00fdt \u201efale\u0161n\u00e9\u201c. Jak to tedy je?<\/strong><\/p>\n<p><strong>Milda<\/strong>: Ka\u017ed\u00fd rok po\u0159\u00e1d\u00e1me sportovn\u011b-labu\u017enicko-hudebn\u011b-recesistickou akci \u201e<strong>Fale\u0161n\u00fd ly\u017ee<\/strong>\u201c. Od p\u00e1tku do ned\u011ble zp\u00edv\u00e1me, ly\u017eujeme, j\u00edme ovar a d\u011bl\u00e1me pt\u00e1koviny. Ka\u017edoro\u010dn\u011b vyr\u00e1\u017e\u00edme na \u201e<strong>Fale\u0161nou vodu<\/strong>\u201c. U\u017e jsme sjeli Lu\u017enici, Oh\u0159i, S\u00e1zavu, Berounku a Vltavu. Nejz\u00e1ke\u0159n\u011bj\u0161\u00ed je v\u017edycky prvn\u00ed den plavby, zvan\u00fd t\u00e9\u017e \u201eRumovej den\u201c. Ob\u010das jezd\u00edv\u00e1me taky na \u010dty\u0159i dny do Chorvatska k mo\u0159i na akci \u201e<strong>Fale\u0161n\u00fd m\u00f3\u0159e<\/strong>\u201c, sp\u00edme tam pod \u0161ir\u00e1kem, zp\u00edv\u00e1me, koupeme se a blbneme.<\/p>\n<p><strong>Pov\u00edte n\u011bco o akci \u201e24 hodin Le Mans\u201c?<\/strong><\/p>\n<p><strong>Milda:<\/strong> Tahle zaj\u00edmav\u00e1 akce se konala v dubnu 2002 na na\u0161\u00ed chat\u011b ve V\u00edru. N\u00e1pad jsem nosil v hlav\u011b asi t\u0159i roky. \u0160lo o to, sezvat muzikanty a pokusit se hr\u00e1t trampsk\u00fd p\u00edsni\u010dky nep\u0159etr\u017eit\u011b 24 hodin. Podle pravidel se nesm\u011bla \u017e\u00e1dn\u00e1 p\u00edsni\u010dka opakovat, p\u0159est\u00e1vka byla jen 5 min ka\u017edou hodinu a 15 min ka\u017ed\u00e9 3 hodiny. Za\u010d\u00ednalo se v po\u010dtu 13 muzikant\u016f, ale cel\u00fdch 24 hodin jsme vydr\u017eeli jen Vlas\u0165\u00e1k, Traper a Sl\u016fn\u011b a j\u00e1. Odehr\u00e1li jsme celkem 434 p\u00edsni\u010dek a opravdu n\u00e1dhern\u011b jsme si zahr\u00e1li a zazp\u00edvali. Sice se mi hlas vr\u00e1til a\u017e n\u00e1sleduj\u00edc\u00ed \u010dtvrtek a prsty taky nep\u0159edstaviteln\u011b bolely, ale byla to kr\u00e1sa.<\/p>\n<p><strong>Letos jste spolupo\u0159\u00e1dali 10. \u010ceskoslovensk\u00fd potlach. Jak jste se k tomu dostali?<\/strong><\/p>\n<p><strong>Milda:<\/strong> U\u017e dlouhou dobu jsme v kontaktu s kamar\u00e1dy kolem trampsk\u00e9ho \u010dasopisu \u201eOslavsk\u00e9 boudy\u201c z regionu kolem Oslavky. Kluci n\u00e1s oslovili, jestli bychom necht\u011bli b\u00fdt sou\u010d\u00e1st\u00ed po\u0159adatelsk\u00e9ho t\u00fdmu a my p\u0159ik\u00fdvli. Hlavn\u00edm mozkem byl Igor \u201eDrobek\u201c Ku\u010dera, dle m\u00e9ho n\u00e1zoru osobnost, kter\u00e1 v sou\u010dasn\u00e9 dob\u011b d\u011bl\u00e1 pro \u201en\u00e1\u0161\u201c tramping nejv\u00edc ze v\u0161ech lid\u00ed, kter\u00e9 j\u00e1 zn\u00e1m. Kdo nepo\u0159\u00e1dal n\u011bkdy tak velkou akci, nem\u016f\u017ee m\u00edt v\u016fbec p\u0159edstavu o tom, kolik v\u011bc\u00ed je pot\u0159eba za\u0159\u00eddit. Situaci n\u00e1m zkomplikovaly je\u0161t\u011b z\u00e1kazy rozd\u011bl\u00e1v\u00e1n\u00ed oh\u0148\u016f. Podle ohlas\u016f si ale mysl\u00edme, \u017ee se potlach lidem l\u00edbil.<\/p>\n<p><strong>Jak\u00fd je V\u00e1\u0161 nejv\u011bt\u0161\u00ed z\u00e1\u017eitek z vystupov\u00e1n\u00ed? <\/strong><\/p>\n<p><strong>\u010c\u00edra:<\/strong> Nejv\u011bt\u0161\u00edm z\u00e1\u017eitkem je asi moje prvn\u00ed vystoupen\u00ed na p\u00f3diu p\u0159ed obecenstvem na b\u00e1le v Ro\u017en\u00e9 v roce 1997. Tehdy jsem je\u0161t\u011b s klukama zp\u00edv\u00e1val jen tak u ohn\u011b. A\u017e tady m\u011b kamar\u00e1di rozhoupali a vyvolali na p\u00f3dium \u201e\u010c\u00edro zazp\u00edvej\u201c! Tr\u00e9mou se m\u011b klepaly kolena. Na parketu lidi sv\u00edtili zapalova\u010dema a ud\u011blali perfektn\u00ed atmosf\u00e9ru. Teprve po n\u011bjak\u00e9 dob\u011b po t\u00e9hle zkou\u0161ce ohn\u011bm jsem s klukama za\u010dal vystupovat pravideln\u011b.<br \/>\n<strong>Milda:<\/strong> Za dev\u011bt let hran\u00ed u mnoha oh\u0148\u016f a na mnoha p\u00f3di\u00edch po cel\u00e9 republice se t\u011bch z\u00e1\u017eitk\u016f nashrom\u00e1\u017edilo velk\u00e9 mno\u017estv\u00ed. N\u00e1dhern\u00fd byl t\u0159eba v\u00fdhled z p\u00f3dia na h\u0159ebeny Vysok\u00fdch Tater na festivalu v \u0160u\u0148av\u011b na Slovensku, n\u00e1dhern\u00fd byl pocit, kdy\u017e uplynula 24. hodina na akci \u201e24 hodin Le Mans\u201c\u2026<br \/>\n<strong>Jim: <\/strong>&#8230; pro m\u011b je nejv\u011bt\u0161\u00edm z\u00e1\u017eitkem asi ka\u017ed\u00fd vystupov\u00e1n\u00ed, proto\u017ee v\u017edycky je to n\u011b\u010d\u00edm jin\u00fd a nov\u00fd. Ale je fakt, \u017ee zahr\u00e1t si na Trampsk\u00fd port\u011b je opravdu velk\u00e1 zku\u0161enost a pocit, \u017ee m\u011b p\u0159i tom pozorovalo deset tis\u00edc o\u010d\u00ed, ve mn\u011b zanechal docela siln\u00fd vzpom\u00ednky. Taky mus\u00edm zm\u00ednit x ve\u010der\u016f, kter\u00fd se nepozorovan\u011b prom\u011bnily v\u00a0r\u00e1no a n\u00e1m toho bylo po\u0159\u00e1d m\u00e1lo.<\/p>\n<p><strong>Pr\u00fd v\u00e1m vloni byla po zisku Div\u00e1ck\u00e9 Porty v\u00a0\u00dast\u00ed nab\u00eddnuta telefonicky \u00fa\u010dast na fin\u00e1le Porty v\u00a0Jihlav\u011b, ale pak to m\u011blo n\u011bjak\u00fd z\u00e1drhel?<\/strong><\/p>\n<p><strong>Vlas\u0165\u00e1k:<\/strong> Jo, jo, je to pravda, malinkej z\u00e1drhel tam fakt byl. Nab\u00eddka p\u0159i\u0161la hned po n\u00e1vratu dom\u016f z Trampsk\u00e9 porty 2003 z \u00dast\u00ed n.L. Sotva jsem \u00fapln\u011b odrovnanej vlezl do postele, probudil m\u011b Jim telefonem. Taky rozespalej se mi sna\u017eil sd\u011blit, \u017ee mu pr\u00e1v\u011b volal po\u0159adatel jihlavsk\u00e9 Porty a nab\u00eddl n\u00e1m hran\u00ed v sobotn\u00edm odpoledn\u00edm programu. Prej ho tla\u010d\u00ed \u010das a tak n\u00e1m dal na rozmy\u0161lenou jen n\u011bkolik hodin. Znamenalo to vzbudit zbytek Fale\u0161n\u00e9 karty a co nejrychleji se domluvit. Zjistili jsme, \u017ee zrovna v tom term\u00ednu hrajeme na Zahrad\u011b a \u017ee by se to dalo stihnout maxim\u00e1ln\u011b tak letadlem, ale rozhodn\u011b ne na\u0161\u00edm formou\u0161em. Po chv\u00edli kombinovan\u00ed, co jak posunout, jsme to vzdali. \u010clov\u011bk holt nem\u016f\u017ee bejt v\u0161ude. Kdy\u017e jsme v\u00fdsledek cht\u011bli sd\u011blit na telefonn\u00ed \u010d\u00edslo, co n\u00e1m organiz\u00e1tor nadiktoval, \u010dekalo n\u00e1s p\u0159ekvapen\u00ed! Na druh\u00e9 stran\u011b dr\u00e1tu se z organiz\u00e1tora vyklubal Jep\u0165\u00e1k z Hlubok\u00fdho nedorozum\u011bn\u00ed a n\u00e1m do\u0161lo, \u017ee si z n\u00e1s uk\u00e1zkov\u011b vyst\u0159elili!<\/p>\n<p><strong>V\u00e1\u0161 obl\u00edben\u00fd autor a p\u00edsni\u010dka?<\/strong><\/p>\n<p><strong>\u010c\u00edra:<\/strong> Autor? Na\u0161i kamar\u00e1di, jejich\u017e p\u00edsni\u010dky hrajeme na vystoupen\u00edch &#8211; Roby, Sam, Hr\u00e1\u010d, Endy a dal\u0161\u00ed, ale taky ti zn\u00e1m\u011bj\u0161\u00ed &#8211; t\u0159eba brat\u0159i Ryvolov\u00e9, Hoptrop\u00e1ci, Plavci a dal\u0161\u00ed. P\u00edsni\u010dka? Toulavej od Ki\u010f\u00e1ka a Zlat\u00fd \u00fadol\u00ed od Pacifiku.<br \/>\n<strong>Milda:<\/strong> M\u00fdmi \u017eivotn\u00edmi autory jsou brat\u0159i Ryvolov\u00e9. Moj\u00ed zamilovanou je Co zbejv\u00e1 od Mikiho.<br \/>\n<strong>Vlas\u0165\u00e1k:<\/strong> Autor jist\u011b Hop Trop. Moje obl\u00edben\u00e1 p\u00edsni\u010dka je prom\u011bnliv\u00e1&#8230;moment\u00e1ln\u011b hraju nejrad\u0161i Vod\u00e1ckou holku od Samsona.<br \/>\n<strong>Jim: <\/strong>Poslouch\u00e1m jen svoje obl\u00edben\u00e9 autory a sna\u017e\u00edm se nikoho nevyzved\u00e1vat. Cen\u00edm si stejn\u011b Mikiho Ryvoly, Samsona, Redla, tvorby Druh\u00e9 tr\u00e1vy jako Lenyho Krawitze, S&amp;G \u010di Erica Claptona. A p\u00edsni\u010dka??? Absolutn\u011b si m\u011b z\u00edskaly v\u0161echny z\u00a0LP Bedna od whisky, proto\u017ee jsem na n\u00ed vyrostl a nau\u010dil se na n\u00ed Cmaj7 a G+.<\/p>\n<p><strong>Co v\u00e1m d\u00e1v\u00e1 trampsk\u00e1 muzika?<\/strong><\/p>\n<p><strong>\u010c\u00edra:<\/strong> S trampskou muzikou jsem u\u017e pro\u017eil moc kr\u00e1sn\u00fdch chvil. Velkou radost mi p\u0159in\u00e1\u0161\u00ed t\u0159eba chv\u00edle, kdy\u017e lidi zp\u00edvaj\u00ed p\u0159i na\u0161ich vystoupen\u00edch s n\u00e1mi.<br \/>\n<strong>Jim: <\/strong>Docela hodn\u011b. Prakticky jsem na n\u00ed vyrostl, tak\u017ee jsem v\u00a0n\u00ed hledal \u017eivotn\u00ed moudra. Kdy\u017e stopuju, zp\u00edv\u00e1m si On the road a kdy\u017e se p\u0159i sej\u0161nu nad r\u00e1nem upad\u00e1, zn\u00ed mi v\u00a0hlav\u011b Nedohran\u00e1 \u2026<\/p>\n<p><strong>Pro\u010d si mysl\u00edte, \u017ee berou va\u0161i muziku v\u0161echny trampsk\u00e9 generace?<\/strong><\/p>\n<p><strong>Milda: <\/strong>Podle m\u00e9ho n\u00e1zoru jsou p\u00edsni\u010dky, kter\u00e9 hrajeme jednoduch\u00e9, melodick\u00e9 a zp\u011bvn\u00e9, tak\u017ee by se mohly l\u00edbit nejen tramp\u016fm v\u0161ech generac\u00ed, ale i netramp\u016fm v\u0161ech generac\u00ed. Slo\u017eit\u011bj\u0161\u00ed p\u00edsni\u010dky se slo\u017eit\u011bj\u0161\u00edmi harmoniemi si poslucha\u010de hledaj\u00ed obt\u00ed\u017en\u011bji.<\/p>\n<p><strong>Dlouhou dobu se mi zd\u00e1l v\u00e1\u0161 p\u00f3diov\u00fd projev dost sv\u00e1zan\u00fd, zat\u00edmco po sesko\u010den\u00ed dol\u016f a sej\u0161nov\u00e1n\u00ed se z\u00a0v\u00e1s hrnul nep\u0159etr\u017eit\u00fd proud \u017eiv\u00e9 muziky \u00fapln\u011b s\u00e1m. V\u017edycky jsem si \u0159\u00edkal \u2013 tak takhle by se do toho m\u011bli op\u0159\u00edt i na p\u00f3diu \u2013 a b\u011bhem posledn\u00ed doby se to stalo velmi p\u0159\u00edjemnou skute\u010dnost\u00ed. Jak jste to c\u00edtili vy?<\/strong><\/p>\n<p><strong>Vlas\u0165\u00e1k:<\/strong> Je pravda, \u017ee se na p\u00f3diu nec\u00edt\u00edme \u00fapln\u011b jako doma. \u010clov\u011bk nikdy nev\u00ed jakej zvuk z aparatury vyleze, co bude sly\u0161et na p\u00f3diu a co venku. Sna\u017e\u00edme se zahr\u00e1t a zazp\u00edvat co nejl\u00edp, dost se na to soust\u0159ed\u00edme a pak to asi ob\u010das vypad\u00e1 sv\u00e1zan\u011b. Stejn\u011b se ale celou dobu t\u011b\u0161\u00edme, a\u017e na p\u00f3diu dohrajeme a m\u016f\u017eeme sl\u00e9zt dol\u016f, sednout si mezi lidi a zahr\u00e1t p\u0159\u00edmo jim a zazp\u00edvat si s nima dohromady. \u00da\u017easn\u00fd to bylo t\u0159eba na Slunovratu 2003, kde jsme si \u0161li sednout s kytarama ke st\u00e1nku s ob\u010derstven\u00edm. B\u011bhem chvilky se kolem n\u00e1s nahromadilo tolik lid\u00ed, \u017ee si u\u017e nem\u011bli ani kam sednout. Lehali si na celty kolem n\u00e1s a v\u0161ichni poslouchali a zp\u00edvali. Pak jsme skoro ani ne\u0161li sp\u00e1t.<\/p>\n<p><strong>Co je pro Fale\u0161nou kartu \u00fapln\u011b nejd\u016fle\u017eit\u011bj\u0161\u00ed na sv\u011bt\u011b?<\/strong><\/p>\n<p><strong>Vlas\u0165\u00e1k:<\/strong> Aby n\u00e1m nezdra\u017eili struny, rum, kokos a vep\u0159ov\u00fd&#8230;<br \/>\n<strong>Jim: <\/strong>\u2026a jablko \u2026<\/p>\n<p><strong>Jak\u00e9 jsou Va\u0161e pl\u00e1ny do budoucna?<\/strong><\/p>\n<p><strong>Vlas\u0165\u00e1k:<\/strong> Pomalu se n\u00e1m bl\u00ed\u017e\u00ed deset let kapely a z\u00e1rove\u0148 i deset let osady, tak\u017ee asi za\u010dneme p\u0159ipravovat oslavy. Jinak chceme v\u00edc tr\u00e9novat, u\u010dit se nov\u00fd v\u011bci a hlavn\u011b hr\u00e1t, hr\u00e1t a zase hr\u00e1t&#8230;<\/p>\n<p><strong>Na internetu m\u00e1te tak\u00e9 sv\u00e9 str\u00e1nky, co o nich?<\/strong><\/p>\n<p><strong>Milda:<\/strong> Za\u010dali jsme je s Vlas\u0165\u00e1kem tvo\u0159it u\u017e v roce 1999. Je tam o n\u00e1s nep\u0159ebern\u00e9 mno\u017estv\u00ed informac\u00ed a kolem 350 fotek. Do\u010dtete se tam podrobnosti o jednotliv\u00fdch \u010dlenech Fale\u0161n\u00e9 karty, o na\u0161ich \u00fasp\u011b\u0161\u00edch, v kronice jsou report\u00e1\u017ee z vybran\u00fdch akc\u00ed, je tam pops\u00e1na na\u0161e historie, n\u00e1v\u0161t\u011bvn\u00edk si zda tak\u00e9 m\u016f\u017ee st\u00e1hnout mnoho zp\u011bvn\u00edk\u016f na\u0161ich p\u00edsni\u010dek ale i zn\u00e1m\u00fdch trampsk\u00fdch p\u00edsni\u010dek, d\u00e1le se zde dozv\u00edte o term\u00ednech na\u0161ich vystoupen\u00ed, o fan klubu, v neposledn\u00ed \u0159ad\u011b tak\u00e9 kontakty na n\u00e1s. Nakonec n\u00e1m m\u016f\u017eete n\u011bco napsat do virtu\u00e1ln\u00edho canc\u00e1ku.<\/p>\n<p style=\"text-align: right;\"><em>Milan Belmondo Plch<\/em><br \/>\n<em>\u010casopis Folk a Country, \u010derven 2004<\/em><\/p>\n<p style=\"text-align: left;\"><img decoding=\"async\" class=\"ngg-singlepic ngg-left\" src=\"http:\/\/www.fkarta.cz\/wp-content\/gallery\/napsali-o-nas\/2004-fc-rozhovor-s-fk-str1.jpg\" alt=\"Folk &amp; Country - Rozhovor s FK, 1. strana\" \/><\/p>\n<p style=\"text-align: left;\"><img decoding=\"async\" class=\"ngg-singlepic ngg-left\" src=\"http:\/\/www.fkarta.cz\/wp-content\/gallery\/napsali-o-nas\/2004-fc-rozhovor-s-fk-str2.jpg\" alt=\"Folk &amp; Country - Rozhovor s FK, 2. strana\" \/><\/p>\n<p style=\"text-align: right;\">\n<table>\n<tbody>\n<tr>\n<td><\/td>\n<td><\/td>\n<\/tr>\n<\/tbody>\n<\/table>\n","protected":false},"excerpt":{"rendered":"<p>&#8230;si p\u0159eje trampsk\u00e1 skupina Fale\u0161n\u00e1 karta Vyzdobit si n\u00e1zev kapely p\u0159\u00edvlastkem \u201efale\u0161n\u00e1\u201c to u\u017e chce kus odvahy. Jen\u017ee jedn\u00e1-li se o kartu a nav\u00edc trampskou muziku, je v\u0161e jinak. Fale\u0161n\u00e1 karta se z nekorunovan\u00e9ho kr\u00e1le v\u0161ech sej\u0161n\u016f vypracovala na jednu z nejobl\u00edben\u011bj\u0161\u00edch kapel sv\u00e9ho \u017e\u00e1nru, ani\u017e by pokoncertn\u00ed hran\u00ed zanedb\u00e1vala. Hlasov\u011b se kapela \u010dasem usadila, [&hellip;]<\/p>\n","protected":false},"author":5,"featured_media":0,"comment_status":"closed","ping_status":"closed","sticky":false,"template":"","format":"standard","meta":{"ngg_post_thumbnail":0,"footnotes":""},"categories":[21],"tags":[],"class_list":["post-1636","post","type-post","status-publish","format-standard","hentry","category-napsali-o-nas"],"_links":{"self":[{"href":"https:\/\/www.fkarta.cz\/index.php?rest_route=\/wp\/v2\/posts\/1636","targetHints":{"allow":["GET"]}}],"collection":[{"href":"https:\/\/www.fkarta.cz\/index.php?rest_route=\/wp\/v2\/posts"}],"about":[{"href":"https:\/\/www.fkarta.cz\/index.php?rest_route=\/wp\/v2\/types\/post"}],"author":[{"embeddable":true,"href":"https:\/\/www.fkarta.cz\/index.php?rest_route=\/wp\/v2\/users\/5"}],"replies":[{"embeddable":true,"href":"https:\/\/www.fkarta.cz\/index.php?rest_route=%2Fwp%2Fv2%2Fcomments&post=1636"}],"version-history":[{"count":12,"href":"https:\/\/www.fkarta.cz\/index.php?rest_route=\/wp\/v2\/posts\/1636\/revisions"}],"predecessor-version":[{"id":3687,"href":"https:\/\/www.fkarta.cz\/index.php?rest_route=\/wp\/v2\/posts\/1636\/revisions\/3687"}],"wp:attachment":[{"href":"https:\/\/www.fkarta.cz\/index.php?rest_route=%2Fwp%2Fv2%2Fmedia&parent=1636"}],"wp:term":[{"taxonomy":"category","embeddable":true,"href":"https:\/\/www.fkarta.cz\/index.php?rest_route=%2Fwp%2Fv2%2Fcategories&post=1636"},{"taxonomy":"post_tag","embeddable":true,"href":"https:\/\/www.fkarta.cz\/index.php?rest_route=%2Fwp%2Fv2%2Ftags&post=1636"}],"curies":[{"name":"wp","href":"https:\/\/api.w.org\/{rel}","templated":true}]}}