{"id":1650,"date":"2010-07-17T07:46:49","date_gmt":"2010-07-17T05:46:49","guid":{"rendered":"http:\/\/www.fkarta.cz\/?p=1650"},"modified":"2010-07-18T17:30:40","modified_gmt":"2010-07-18T15:30:40","slug":"z-letaku-na-slunovratu-2004","status":"publish","type":"post","link":"https:\/\/www.fkarta.cz\/?p=1650","title":{"rendered":"Z let\u00e1ku na Slunovratu 2004"},"content":{"rendered":"<p>Fale\u0161n\u00e1 karta je trampsk\u00e1 kapela (a z\u00e1rove\u0148 trampsk\u00e1 osada) z Nov\u00e9ho M\u011bsta na Morav\u011b. Hlavn\u011b je to v\u0161ak parta kamar\u00e1d\u016f, kter\u00fdm je spolu dob\u0159e a jezd\u00ed spolu na vandry nebo na vodu, a z jejich muziky je to zn\u00e1t. Dali se dohromady v roce 1995 a od t\u00e9 doby stihli posb\u00edrat slu\u0161nou \u0159\u00e1dku ocen\u011bn\u00ed ze spousty nejen trampsk\u00fdch akc\u00ed.<\/p>\n<p>Mohou se chlubit v\u00edt\u011bzstv\u00edm nap\u0159\u00edklad na Ole\u0161nick\u00e9 kytce, na Trampsk\u00e9 not\u011b, Trampsk\u00e9m cig\u00e1ru, Country tribun\u011b \u010di Tova\u010dovsk\u00e9m port\u00e1lu, za svou njev\u00fdznamn\u011bj\u0161\u00ed trofej pova\u017euj\u00ed Trampskou Portu, kterou vybojovali v roce 2003. Maj\u00ed za sebou tak\u00e9 n\u011bkolikan\u00e1sobnou \u00fa\u010dast na Zahrad\u011b, kde v\u017edy rozd\u00e1vali pohodu v r\u00e1mci Trampsk\u00e9ho odpoledne na z\u00e1mku. Na Slunovratu hraj\u00ed letos podruh\u00e9. Vloni tu na sebe upozornili p\u0159edev\u0161\u00edm po skon\u010den\u00ed hlavn\u00edho ve\u010dern\u00edho programu, kdy t\u00e1hli velmi poveden\u00fd jam-session na &#8222;mal\u00e9 sc\u00e9n\u011b&#8220; a\u017e do r\u00e1na&#8230;<\/p>\n<p>Jejich diskografii zat\u00edm tvo\u0159\u00ed dva nosi\u010de vydan\u00e9 vlastn\u00edm n\u00e1kladem: <strong><em>Kamar\u00e1d\u016fm&#8230;<\/em><\/strong> (2003) a <strong><em>Live<\/em><\/strong> (2003, nahr\u00e1no \u017eiv\u011b jako sou\u010d\u00e1st po\u0159adu Radia Proglas &#8222;Jak se V\u00e1m l\u00edb\u00ed&#8220;). V sou\u010dasn\u00e9 dob\u011b hraj\u00ed ve slo\u017een\u00ed: Milan Milda Dvo\u0159\u00e1k &#8211; kytara, zp\u011bv, Vlastimil Vlas\u0165\u00e1k Libra &#8211; kytara, zp\u011bv, Zden\u011bk \u010c\u00edra Jir\u010d\u00edk a Pavel Jim Mach\u00e1\u010dek &#8211; kontrabas a zp\u011bv.<\/p>\n<p style=\"text-align: right;\"><em>Z informa\u010dn\u00edho let\u00e1ku festivalu Slunovrat<br \/>\nPardubice, \u010derven 2004<\/em><\/p>\n<p style=\"text-align: left;\">ngg_shortcode_0_placeholder<\/p>\n","protected":false},"excerpt":{"rendered":"<p>Fale\u0161n\u00e1 karta je trampsk\u00e1 kapela (a z\u00e1rove\u0148 trampsk\u00e1 osada) z Nov\u00e9ho M\u011bsta na Morav\u011b. Hlavn\u011b je to v\u0161ak parta kamar\u00e1d\u016f, kter\u00fdm je spolu dob\u0159e a jezd\u00ed spolu na vandry nebo na vodu, a z jejich muziky je to zn\u00e1t. Dali se dohromady v roce 1995 a od t\u00e9 doby stihli posb\u00edrat slu\u0161nou \u0159\u00e1dku ocen\u011bn\u00ed ze [&hellip;]<\/p>\n","protected":false},"author":5,"featured_media":0,"comment_status":"closed","ping_status":"closed","sticky":false,"template":"","format":"standard","meta":{"ngg_post_thumbnail":0,"footnotes":""},"categories":[21],"tags":[],"class_list":["post-1650","post","type-post","status-publish","format-standard","hentry","category-napsali-o-nas"],"_links":{"self":[{"href":"https:\/\/www.fkarta.cz\/index.php?rest_route=\/wp\/v2\/posts\/1650","targetHints":{"allow":["GET"]}}],"collection":[{"href":"https:\/\/www.fkarta.cz\/index.php?rest_route=\/wp\/v2\/posts"}],"about":[{"href":"https:\/\/www.fkarta.cz\/index.php?rest_route=\/wp\/v2\/types\/post"}],"author":[{"embeddable":true,"href":"https:\/\/www.fkarta.cz\/index.php?rest_route=\/wp\/v2\/users\/5"}],"replies":[{"embeddable":true,"href":"https:\/\/www.fkarta.cz\/index.php?rest_route=%2Fwp%2Fv2%2Fcomments&post=1650"}],"version-history":[{"count":7,"href":"https:\/\/www.fkarta.cz\/index.php?rest_route=\/wp\/v2\/posts\/1650\/revisions"}],"predecessor-version":[{"id":1868,"href":"https:\/\/www.fkarta.cz\/index.php?rest_route=\/wp\/v2\/posts\/1650\/revisions\/1868"}],"wp:attachment":[{"href":"https:\/\/www.fkarta.cz\/index.php?rest_route=%2Fwp%2Fv2%2Fmedia&parent=1650"}],"wp:term":[{"taxonomy":"category","embeddable":true,"href":"https:\/\/www.fkarta.cz\/index.php?rest_route=%2Fwp%2Fv2%2Fcategories&post=1650"},{"taxonomy":"post_tag","embeddable":true,"href":"https:\/\/www.fkarta.cz\/index.php?rest_route=%2Fwp%2Fv2%2Ftags&post=1650"}],"curies":[{"name":"wp","href":"https:\/\/api.w.org\/{rel}","templated":true}]}}