{"id":2020,"date":"2010-09-09T21:18:07","date_gmt":"2010-09-09T19:18:07","guid":{"rendered":"http:\/\/www.fkarta.cz\/?p=2020"},"modified":"2010-09-10T19:59:34","modified_gmt":"2010-09-10T17:59:34","slug":"10-olesnicka-kytka-3-6-1995","status":"publish","type":"post","link":"https:\/\/www.fkarta.cz\/?p=2020","title":{"rendered":"10. Ole\u0161nick\u00e1 kytka (3.6. 1995)"},"content":{"rendered":"<p style=\"text-align: justify;\">Ole\u0161nick\u00e1 kytka je\u00a0men\u0161\u00ed, ale &#8222;\u00fatuln\u00fd&#8220; festiv\u00e1lek, kter\u00fd po\u0159\u00e1daj\u00ed kamar\u00e1di z T.O. Zmij\u00e1ci z Ole\u0161nice u\u017e od roku 1986. Na 9. Ole\u0161nick\u00e9 kytce\u00a0v roce 1994, jsme pojali odv\u00e1\u017en\u00fd n\u00e1pad, \u017ee bychom\u00a0zde za rok mohli vystoupit jako kapela. <strong>Toto\u00a0rozhodnut\u00ed\u00a0m\u011blo za n\u00e1sledek\u00a0vznik trampsk\u00e9 kapely\u00a0Fale\u0161n\u00e1 karta<\/strong>.\u00a0\u00a0Kapelu tvo\u0159ili: \u00a0Milan &#8222;Milda&#8220; Dvo\u0159\u00e1k (kytara, zp\u011bv), Vlastimil &#8222;Vlas\u0165\u00e1k&#8220; Libra (kytara, zp\u011bv)\u00a0a Petr &#8222;\u017delva&#8220; Krhounek (basskytara).\u00a0P\u00e1te\u0159 na\u0161eho p\u0159ipravovan\u00e9ho reperto\u00e1ru tvo\u0159ily p\u00edsni\u010dky d\u00e1vn\u00fdch kamar\u00e1d\u016f z vandr\u016f\u00a0Mildov\u00fdch rodi\u010d\u016f &#8211; Milana &#8222;Reda&#8220; \u0160ebka, Jirky &#8222;George&#8220; Jel\u00ednka a dal\u0161\u00edch.<br \/>\n<em>Jen pro zaj\u00edmavost:\u00a0\u00a0p\u016fvodn\u011b jsme byli na 10. Ole\u0161nickou kytku p\u0159ihl\u00e1\u0161en\u00ed pod n\u00e1zvem &#8222;V\u00edrsk\u00fd sumec&#8220;, na &#8222;Fale\u0161nou kartu&#8220; jsme n\u00e1zev zm\u011bnili a\u017e dodate\u010dn\u011b. N\u00e1zev &#8222;V\u00edrsk\u00fd sumec&#8220; jsme pozd\u011bji ale p\u0159eci jen pou\u017eili, a to pro n\u00e1\u0161 trampsk\u00fd festiv\u00e1lek, kter\u00fd\u00a0od roku 2001 p\u0159edch\u00e1z\u00ed na\u0161emu tradi\u010dn\u00edmu Mikul\u00e1\u0161sk\u00e9mu trampsk\u00e9mu b\u00e1lu ve V\u00edru.<\/em><\/p>\n<p style=\"text-align: justify;\">V onen slavn\u00fd den, 6. \u010dervna jsme dopoledne je\u0161t\u011b lehce potr\u00e9novali a odpoledne\u00a0to vypuklo. Jirka Moravsk\u00fd Brabec n\u00e1s uv\u00e1d\u00ed na p\u00f3diu p\u0159i na\u0161em \u00fapln\u011b prvn\u00edm vystoupen\u00ed.<\/p>\nngg_shortcode_0_placeholder\n<p>Z na\u0161eho prvn\u00edho vystoupen\u00ed na aparaturu jsme m\u011bli dobr\u00fd pocit<\/p>\nngg_shortcode_1_placeholder\n<p>Ole\u0161nick\u00e1 kytka je festival sout\u011b\u017en\u00ed.\u00a0Jak\u00e9 kapely s n\u00e1mi tedy je\u0161t\u011b sout\u011b\u017eily?<\/p>\n<ul>\n<li>Templ\u00e1\u0159i<\/li>\n<li>T.O. Poz\u016fstalost<\/li>\n<li>Jit\u0159enky<\/li>\n<li>K.T.P.<\/li>\n<li>Tul\u00e1ci<\/li>\n<li>Moment<\/li>\n<li>Pra\u017ece<\/li>\n<\/ul>\n<p style=\"text-align: justify;\">Fotka ze z\u00e1kulis\u00ed po vystoupen\u00ed, kdy z n\u00e1s u\u017e opadla nervozita (s n\u00e1mi je\u0161t\u011b \u00cdve &#8211; s\u00e9gra Vlas\u0165\u00e1ka).<\/p>\nngg_shortcode_2_placeholder\n<p style=\"text-align: justify;\">Po vystoupen\u00edch v\u0161ech sout\u011b\u017e\u00edc\u00edch kapel\u00a0hr\u00e1li host\u00e9 Pavel Dobe\u0161 a M. Dvo\u0159\u00e1\u010dek, Sl\u00e1vek Janou\u0161ek a Pohoda. B\u011bhem jejich vystoupen\u00ed\u00a0prob\u011bhlo hlasov\u00e1n\u00ed div\u00e1k\u016f, kter\u00fdch bylo p\u0159\u00edtomno asi 800. <strong>V\u00fdsledek hlasov\u00e1n\u00ed n\u00e1s \u0161okoval &#8211; Fale\u0161n\u00e1 karta skon\u010dila se 138 hlasy na prvn\u00edm m\u00edst\u011b<\/strong> p\u0159ed kapelami Tul\u00e1ci a Pra\u017ece. Na dal\u0161\u00ed fotce p\u0159eb\u00edr\u00e1me hlavn\u00ed putovn\u00ed keramickou cenu.<\/p>\nngg_shortcode_3_placeholder\n<p style=\"text-align: justify;\">Neum\u00edte si ani p\u0159edstavit, jakou vzpruhu znamen\u00e1 pro za\u010d\u00ednaj\u00edc\u00ed kapelu takov\u00fd \u00fasp\u011bch.<\/p>\n<p style=\"text-align: justify;\">Stala se zde je\u0161t\u011b jedna d\u016fle\u017eit\u00e1 v\u011bc. D\u00edky Mildov\u00fdmu ta\u0165kovi jsme se zde sezn\u00e1mili s Pupou a \u010cu\u0148asem z kapely Jantar, kte\u0159\u00ed\u00a0zde hr\u00e1li ve\u010dern\u00ed b\u00e1l a ti n\u00e1s pozvali, abychom si s nima zahr\u00e1li na n\u011bkolika b\u00e1lech, kter\u00e9 m\u011bli v nejbli\u017e\u0161\u00ed\u00a0dob\u011b domluven\u00e9. Na nich jsme se tro\u0161ku otrkali\u00a0hran\u00edm na p\u00f3diu p\u0159ed div\u00e1kama a na aparaturu.<\/p>\n","protected":false},"excerpt":{"rendered":"<p>Ole\u0161nick\u00e1 kytka je\u00a0men\u0161\u00ed, ale &#8222;\u00fatuln\u00fd&#8220; festiv\u00e1lek, kter\u00fd po\u0159\u00e1daj\u00ed kamar\u00e1di z T.O. Zmij\u00e1ci z Ole\u0161nice u\u017e od roku 1986. Na 9. Ole\u0161nick\u00e9 kytce\u00a0v roce 1994, jsme pojali odv\u00e1\u017en\u00fd n\u00e1pad, \u017ee bychom\u00a0zde za rok mohli vystoupit jako kapela. Toto\u00a0rozhodnut\u00ed\u00a0m\u011blo za n\u00e1sledek\u00a0vznik trampsk\u00e9 kapely\u00a0Fale\u0161n\u00e1 karta.\u00a0\u00a0Kapelu tvo\u0159ili: \u00a0Milan &#8222;Milda&#8220; Dvo\u0159\u00e1k (kytara, zp\u011bv), Vlastimil &#8222;Vlas\u0165\u00e1k&#8220; Libra (kytara, zp\u011bv)\u00a0a Petr &#8222;\u017delva&#8220; [&hellip;]<\/p>\n","protected":false},"author":4,"featured_media":0,"comment_status":"closed","ping_status":"closed","sticky":false,"template":"","format":"standard","meta":{"ngg_post_thumbnail":0,"footnotes":""},"categories":[22],"tags":[],"class_list":["post-2020","post","type-post","status-publish","format-standard","hentry","category-kronika"],"_links":{"self":[{"href":"https:\/\/www.fkarta.cz\/index.php?rest_route=\/wp\/v2\/posts\/2020","targetHints":{"allow":["GET"]}}],"collection":[{"href":"https:\/\/www.fkarta.cz\/index.php?rest_route=\/wp\/v2\/posts"}],"about":[{"href":"https:\/\/www.fkarta.cz\/index.php?rest_route=\/wp\/v2\/types\/post"}],"author":[{"embeddable":true,"href":"https:\/\/www.fkarta.cz\/index.php?rest_route=\/wp\/v2\/users\/4"}],"replies":[{"embeddable":true,"href":"https:\/\/www.fkarta.cz\/index.php?rest_route=%2Fwp%2Fv2%2Fcomments&post=2020"}],"version-history":[{"count":14,"href":"https:\/\/www.fkarta.cz\/index.php?rest_route=\/wp\/v2\/posts\/2020\/revisions"}],"predecessor-version":[{"id":2027,"href":"https:\/\/www.fkarta.cz\/index.php?rest_route=\/wp\/v2\/posts\/2020\/revisions\/2027"}],"wp:attachment":[{"href":"https:\/\/www.fkarta.cz\/index.php?rest_route=%2Fwp%2Fv2%2Fmedia&parent=2020"}],"wp:term":[{"taxonomy":"category","embeddable":true,"href":"https:\/\/www.fkarta.cz\/index.php?rest_route=%2Fwp%2Fv2%2Fcategories&post=2020"},{"taxonomy":"post_tag","embeddable":true,"href":"https:\/\/www.fkarta.cz\/index.php?rest_route=%2Fwp%2Fv2%2Ftags&post=2020"}],"curies":[{"name":"wp","href":"https:\/\/api.w.org\/{rel}","templated":true}]}}