{"id":830,"date":"2010-04-19T05:30:17","date_gmt":"2010-04-19T03:30:17","guid":{"rendered":"http:\/\/www.fkarta.cz\/?p=830"},"modified":"2010-07-19T22:05:13","modified_gmt":"2010-07-19T20:05:13","slug":"6-vyrocni-ohen-28-30-9-2001","status":"publish","type":"post","link":"https:\/\/www.fkarta.cz\/?p=830","title":{"rendered":"6. v\u00fdro\u010dn\u00ed ohe\u0148 T.O. Fale\u0161n\u00e1 karta (28.-30.9.2001)"},"content":{"rendered":"<p style=\"text-align: justify;\">N\u00e1\u0161 6. v\u00fdro\u010dn\u00ed ohe\u0148 se konal 30. 9. 2001 na na\u0161em tradi\u010dn\u00edm fleku &#8222;Hradisko&#8220; v Ro\u017en\u00e9. Nedo\u010dkavci u\u017e se k n\u00e1m za\u010dali sj\u00ed\u017ed\u011bt ve \u010dtvrtek proto\u017ee v p\u00e1tek byl st\u00e1tn\u00ed sv\u00e1tek. V\u011bt\u0161ina lid\u00ed ale dorazila a\u017e v p\u00e1tek na zp\u00edv\u00e1n\u00ed do hotelu &#8222;H\u00e1jek&#8220; kousek od n\u00e1dra\u017e\u00ed. Samoz\u0159ejm\u011b se hr\u00e1lo a\u017e do r\u00e1na. V sobotu od 8.00 u\u017e se ale hr\u00e1lo naho\u0159e na fleku. Ve 14.00 za\u010daly sout\u011b\u017ee.<\/p>\n<p><strong>Sobotn\u00ed odpoledn\u00ed sout\u011b\u017ee<\/strong><\/p>\n<ul>\n<li>Chlapi\n<ul>\n<li>Fale\u0161n\u00e1 stopa<\/li>\n<li>\u0160plh<\/li>\n<li>Hod kamenem<\/li>\n<\/ul>\n<\/li>\n<li>\u017densk\u00fd\n<ul>\n<li>Fale\u0161n\u00e1 stopa<\/li>\n<li>Fale\u0161n\u00e1 \u017eivotospr\u00e1va<\/li>\n<li>Popelka<\/li>\n<\/ul>\n<\/li>\n<li>D\u011bti\n<ul>\n<li>Fale\u0161n\u00e1 stopa<\/li>\n<li>Fale\u0161n\u00e1 \u017eivotospr\u00e1va<\/li>\n<li>\u0160plh<\/li>\n<li>Krou\u017eky<\/li>\n<\/ul>\n<\/li>\n<\/ul>\n<p>P\u0159edn\u00ed strana a n\u011bkolik uk\u00e1zek zadn\u00edch stran camr\u00e1tek<\/p>\n<table width=\"100%\">\n<tbody>\n<tr>\n<td>ngg_shortcode_0_placeholder<\/td>\n<td>ngg_shortcode_1_placeholder<\/td>\n<\/tr>\n<\/tbody>\n<\/table>\n<p style=\"text-align: justify;\">Slavnostn\u00ed ohe\u0148 byl zap\u00e1len v sobotu kolem 19.15 za \u00fa\u010dasti asi 180 kamar\u00e1d\u016f. Mus\u00edm pod\u011bkovat ohniv\u00e1kovi Sl\u016fn\u011bti (a jeho dodate\u010dn\u011b jmenovan\u00fdm ohniv\u00e1k\u016fm Kekimu a Starostovi) za to jak vy\u0159e\u0161ili probl\u00e9m s azbestov\u00fdm d\u0159evem.<\/p>\n<p style=\"text-align: center;\">Zapaluj\u00ed kamar\u00e1di Drobek, Fred, Helenka a Starosta<\/p>\n<p style=\"text-align: center;\">ngg_shortcode_2_placeholder<\/p>\n<p style=\"text-align: center;\">Pohled na zap\u00e1len\u00ed z n\u00e1vr\u0161\u00ed u karty<\/p>\n<p style=\"text-align: center;\">ngg_shortcode_3_placeholder<\/p>\n<p style=\"text-align: justify;\">Asi od 20.15 se rozb\u011bhla sout\u011b\u017e ve zp\u011bvu Jednotlivc\u016f a duet (asi 15 sout\u011b\u017e\u00edc\u00edch) a skupin (5 skupin). O v\u00edt\u011bz\u00edch rozhodovala porota slo\u017een\u00e1 z muzikant\u016f (Fred, Pa\u0165a, Jim, ). Sout\u011b\u017e dopadla n\u00e1sledovn\u011b:<strong><\/strong><\/p>\n<p><strong>Jednotlivci a dueta<\/strong><br \/>\n1. m\u00edsto &#8211; Terry<br \/>\n2. m\u00edsto &#8211; Duo Nijak<br \/>\n3. m\u00edsto &#8211; Terry a Foter<\/p>\n<p><strong>Skupiny<\/strong><br \/>\n1. m\u00edsto &#8211; Chromajzl band<br \/>\n2. m\u00edsto &#8211; L\u00edn\u011b na\u017ehaven\u00ed<br \/>\n3. m\u00edsto &#8211; B\u00d3INS<\/p>\n<p style=\"text-align: justify;\">V\u00edt\u011bz sout\u011b\u017ee skupin &#8211; Chromajzl band (Pig\u00e1ro, \u0160us\u0165a a Rolf). \u0160us\u0165a hraje s nohou v s\u00e1d\u0159e, co\u017e si p\u0159ivodila v p\u00e1tek na fleku.<\/p>\nngg_shortcode_4_placeholder\n<p style=\"text-align: justify;\">Sout\u011b\u017e skupin zpest\u0159ilo vystoupen\u00ed kapely &#8222;Spojen\u00e9 trampsk\u00e9 soubory \u00dachylgrass a Drek band&#8220; (Jej\u00ed\u017e sou\u010d\u00e1st\u00ed je i Milda). Kapela hraje velmi drsn\u00e9 parodie na trampsk\u00e9 p\u00edsn\u011b.<\/p>\nngg_shortcode_5_placeholder\n<p style=\"text-align: center;\">Pohled na poslouchaj\u00edc\u00ed kamar\u00e1dy p\u0159i hudebn\u00ed sout\u011b\u017ei<\/p>\nngg_shortcode_6_placeholder\n<p>Ve 22.30 za\u010dala voln\u00e1 z\u00e1bava a hr\u00e1lo se a\u017e do r\u00e1na. Tenhle potlach se moc povedl&#8230;<\/p>\n","protected":false},"excerpt":{"rendered":"<p>N\u00e1\u0161 6. v\u00fdro\u010dn\u00ed ohe\u0148 se konal 30. 9. 2001 na na\u0161em tradi\u010dn\u00edm fleku &#8222;Hradisko&#8220; v Ro\u017en\u00e9. Nedo\u010dkavci u\u017e se k n\u00e1m za\u010dali sj\u00ed\u017ed\u011bt ve \u010dtvrtek proto\u017ee v p\u00e1tek byl st\u00e1tn\u00ed sv\u00e1tek. <\/p>\n","protected":false},"author":3,"featured_media":0,"comment_status":"closed","ping_status":"closed","sticky":false,"template":"","format":"standard","meta":{"ngg_post_thumbnail":0,"footnotes":""},"categories":[22],"tags":[],"class_list":["post-830","post","type-post","status-publish","format-standard","hentry","category-kronika"],"_links":{"self":[{"href":"https:\/\/www.fkarta.cz\/index.php?rest_route=\/wp\/v2\/posts\/830","targetHints":{"allow":["GET"]}}],"collection":[{"href":"https:\/\/www.fkarta.cz\/index.php?rest_route=\/wp\/v2\/posts"}],"about":[{"href":"https:\/\/www.fkarta.cz\/index.php?rest_route=\/wp\/v2\/types\/post"}],"author":[{"embeddable":true,"href":"https:\/\/www.fkarta.cz\/index.php?rest_route=\/wp\/v2\/users\/3"}],"replies":[{"embeddable":true,"href":"https:\/\/www.fkarta.cz\/index.php?rest_route=%2Fwp%2Fv2%2Fcomments&post=830"}],"version-history":[{"count":11,"href":"https:\/\/www.fkarta.cz\/index.php?rest_route=\/wp\/v2\/posts\/830\/revisions"}],"predecessor-version":[{"id":1916,"href":"https:\/\/www.fkarta.cz\/index.php?rest_route=\/wp\/v2\/posts\/830\/revisions\/1916"}],"wp:attachment":[{"href":"https:\/\/www.fkarta.cz\/index.php?rest_route=%2Fwp%2Fv2%2Fmedia&parent=830"}],"wp:term":[{"taxonomy":"category","embeddable":true,"href":"https:\/\/www.fkarta.cz\/index.php?rest_route=%2Fwp%2Fv2%2Fcategories&post=830"},{"taxonomy":"post_tag","embeddable":true,"href":"https:\/\/www.fkarta.cz\/index.php?rest_route=%2Fwp%2Fv2%2Ftags&post=830"}],"curies":[{"name":"wp","href":"https:\/\/api.w.org\/{rel}","templated":true}]}}